{"id":1929,"date":"2021-05-18T23:25:30","date_gmt":"2021-05-18T23:25:30","guid":{"rendered":"http:\/\/rvtradio.com\/?p=1929"},"modified":"2021-05-18T23:26:38","modified_gmt":"2021-05-18T23:26:38","slug":"quien-sera-el-gobernador-riosense","status":"publish","type":"post","link":"https:\/\/rvtradio.com\/?p=1929","title":{"rendered":"\u00bfQui\u00e9n ser\u00e1 el gobernador riosense?"},"content":{"rendered":"\t\t<div data-elementor-type=\"wp-post\" data-elementor-id=\"1929\" class=\"elementor elementor-1929\" data-elementor-settings=\"[]\">\n\t\t\t\t\t\t<div class=\"elementor-inner\">\n\t\t\t\t\t\t\t<div class=\"elementor-section-wrap\">\n\t\t\t\t\t\t\t<section class=\"elementor-section elementor-top-section elementor-element elementor-element-34b4cbd6 elementor-section-boxed elementor-section-height-default elementor-section-height-default\" data-id=\"34b4cbd6\" data-element_type=\"section\" data-settings=\"{&quot;background_background&quot;:&quot;classic&quot;}\">\n\t\t\t\t\t\t\t<div class=\"elementor-background-overlay\"><\/div>\n\t\t\t\t\t\t\t<div class=\"elementor-container elementor-column-gap-default\">\n\t\t\t\t\t\t\t<div class=\"elementor-row\">\n\t\t\t\t\t<div class=\"elementor-column elementor-col-100 elementor-top-column elementor-element elementor-element-333f15ba\" data-id=\"333f15ba\" data-element_type=\"column\">\n\t\t\t<div class=\"elementor-column-wrap elementor-element-populated\">\n\t\t\t\t\t\t\t<div class=\"elementor-widget-wrap\">\n\t\t\t\t\t\t<div class=\"elementor-element elementor-element-53abcc5e elementor-widget elementor-widget-heading\" data-id=\"53abcc5e\" data-element_type=\"widget\" data-widget_type=\"heading.default\">\n\t\t\t\t<div class=\"elementor-widget-container\">\n\t\t\t<h1 class=\"elementor-heading-title elementor-size-default\">Noticias<\/h1>\t\t<\/div>\n\t\t\t\t<\/div>\n\t\t\t\t\t\t<\/div>\n\t\t\t\t\t<\/div>\n\t\t<\/div>\n\t\t\t\t\t\t\t\t<\/div>\n\t\t\t\t\t<\/div>\n\t\t<\/section>\n\t\t\t\t<section class=\"elementor-section elementor-top-section elementor-element elementor-element-14dc138 elementor-section-boxed elementor-section-height-default elementor-section-height-default\" data-id=\"14dc138\" data-element_type=\"section\">\n\t\t\t\t\t\t<div class=\"elementor-container elementor-column-gap-default\">\n\t\t\t\t\t\t\t<div class=\"elementor-row\">\n\t\t\t\t\t<div class=\"elementor-column elementor-col-50 elementor-top-column elementor-element elementor-element-4345eac4\" data-id=\"4345eac4\" data-element_type=\"column\">\n\t\t\t<div class=\"elementor-column-wrap elementor-element-populated\">\n\t\t\t\t\t\t\t<div class=\"elementor-widget-wrap\">\n\t\t\t\t\t\t<div class=\"elementor-element elementor-element-16bc85e3 elementor-widget elementor-widget-heading\" data-id=\"16bc85e3\" data-element_type=\"widget\" data-widget_type=\"heading.default\">\n\t\t\t\t<div class=\"elementor-widget-container\">\n\t\t\t<h2 class=\"elementor-heading-title elementor-size-default\">\u00bfQui\u00e9n ser\u00e1 el gobernador riosense?<\/h2>\t\t<\/div>\n\t\t\t\t<\/div>\n\t\t\t\t<div class=\"elementor-element elementor-element-6211d1fc elementor-widget elementor-widget-text-editor\" data-id=\"6211d1fc\" data-element_type=\"widget\" data-widget_type=\"text-editor.default\">\n\t\t\t\t<div class=\"elementor-widget-container\">\n\t\t\t\t\t\t\t\t<div class=\"elementor-text-editor elementor-clearfix\">\n\t\t\t\t\t<p>18\/05\/2021<\/p>\t\t\t\t\t<\/div>\n\t\t\t\t\t\t<\/div>\n\t\t\t\t<\/div>\n\t\t\t\t<div class=\"elementor-element elementor-element-11eedab8 elementor-widget elementor-widget-text-editor\" data-id=\"11eedab8\" data-element_type=\"widget\" data-widget_type=\"text-editor.default\">\n\t\t\t\t<div class=\"elementor-widget-container\">\n\t\t\t\t\t\t\t\t<div class=\"elementor-text-editor elementor-clearfix\">\n\t\t\t\t\t<p>Ante las expectativas de qui\u00e9n ser\u00e1 el nuevo gobernador de la provincia de Los R\u00edos, en el Noticiero Matinal, G\u00e9nesis Blum asegura que hay que esperar con prudencia el pronunciamiento oficial del presidente. Si \u00e9l decide que ella sea su representante va a trabajar para que la provincia prospere en todos los \u00e1mbitos. Y agreg\u00f3 que si no se da, estar\u00e1 en cualquier \u00e1mbito como una profesional, una mujer quevede\u00f1a y riosense que va a trabajar con total transparencia, honestidad, capacidad y lealtad hacia todos los riosenses y al presidente. Como militante del movimiento va a trabajar incansablemente para que no haya corrupci\u00f3n, puestos vendidos, comisiones ni compadrazgos.<\/p><p>Por su parte, el presidente provincial de CREO, Arturo Alvarado, indic\u00f3 en el Noticiero Satelital que efectivamente est\u00e1 en la terna compuesta por tres personas de la provincia, pero independientemente de la decisi\u00f3n \u00e9l seguir\u00e1 en las filas de Creo, su condici\u00f3n es inc\u00f3lume y cree en Guillermo Lasso como la mejor opci\u00f3n, un estadista y un verdadero l\u00edder que va a sacar adelante al pa\u00eds. Indic\u00f3 que por encima de los intereses personales est\u00e1n los intereses de la patria y los intereses superiores de la provincia. Ser\u00e1 muy respetuoso de la decisi\u00f3n del presidente, disciplinadamente lo acatar\u00e1 y respaldar\u00e1 a qui\u00e9n nombre como Gobernador.<\/p>\t\t\t\t\t<\/div>\n\t\t\t\t\t\t<\/div>\n\t\t\t\t<\/div>\n\t\t\t\t\t\t<\/div>\n\t\t\t\t\t<\/div>\n\t\t<\/div>\n\t\t\t\t<div class=\"elementor-column elementor-col-50 elementor-top-column elementor-element elementor-element-dc1f22e\" data-id=\"dc1f22e\" data-element_type=\"column\">\n\t\t\t<div class=\"elementor-column-wrap elementor-element-populated\">\n\t\t\t\t\t\t\t<div class=\"elementor-widget-wrap\">\n\t\t\t\t\t\t<div class=\"elementor-element elementor-element-9ba9468 elementor-widget elementor-widget-wp-widget-recent-posts\" data-id=\"9ba9468\" data-element_type=\"widget\" data-widget_type=\"wp-widget-recent-posts.default\">\n\t\t\t\t<div class=\"elementor-widget-container\">\n\t\t\t\n\t\t\n\t\t<h5>Entradas recientes<\/h5>\n\t\t<ul>\n\t\t\t\t\t\t\t\t\t\t\t<li>\n\t\t\t\t\t<a href=\"https:\/\/rvtradio.com\/?p=4523\">Ecuador recibi\u00f3 101.760 dosis de AstraZeneca<\/a>\n\t\t\t\t\t\t\t\t\t<\/li>\n\t\t\t\t\t\t\t\t\t\t\t<li>\n\t\t\t\t\t<a href=\"https:\/\/rvtradio.com\/?p=4518\">Carapaz fue penalizado en la vuelta a Espa\u00f1a<\/a>\n\t\t\t\t\t\t\t\t\t<\/li>\n\t\t\t\t\t\t\t\t\t\t\t<li>\n\t\t\t\t\t<a href=\"https:\/\/rvtradio.com\/?p=4513\">La cifras de muertos siguen aumentando en Hait\u00ed<\/a>\n\t\t\t\t\t\t\t\t\t<\/li>\n\t\t\t\t\t\t\t\t\t\t\t<li>\n\t\t\t\t\t<a href=\"https:\/\/rvtradio.com\/?p=4508\">Richard Carapaz en la vuelta a Espa\u00f1a<\/a>\n\t\t\t\t\t\t\t\t\t<\/li>\n\t\t\t\t\t\t\t\t\t\t\t<li>\n\t\t\t\t\t<a href=\"https:\/\/rvtradio.com\/?p=4503\">En el estadio Parque de los Pr\u00edncipes se rindi\u00f3 a Messi<\/a>\n\t\t\t\t\t\t\t\t\t<\/li>\n\t\t\t\t\t\t\t\t\t\t\t<li>\n\t\t\t\t\t<a href=\"https:\/\/rvtradio.com\/?p=4498\">227 fallecido en terremoto de 7,2 en Hait\u00ed<\/a>\n\t\t\t\t\t\t\t\t\t<\/li>\n\t\t\t\t\t\t\t\t\t\t\t<li>\n\t\t\t\t\t<a href=\"https:\/\/rvtradio.com\/?p=4493\">Inicio campeonato nacional de boxeo en Quevedo<\/a>\n\t\t\t\t\t\t\t\t\t<\/li>\n\t\t\t\t\t\t\t\t\t\t\t<li>\n\t\t\t\t\t<a href=\"https:\/\/rvtradio.com\/?p=4488\">Inauguraron el distribuidor de tr\u00e1fico de Quevedo<\/a>\n\t\t\t\t\t\t\t\t\t<\/li>\n\t\t\t\t\t\t\t\t\t\t\t<li>\n\t\t\t\t\t<a href=\"https:\/\/rvtradio.com\/?p=4482\">Resultados de los operativos en la provincias de Los R\u00edos<\/a>\n\t\t\t\t\t\t\t\t\t<\/li>\n\t\t\t\t\t\t\t\t\t\t\t<li>\n\t\t\t\t\t<a href=\"https:\/\/rvtradio.com\/?p=4457\">Candidatas a Miss Ecuador visitan Quevedo<\/a>\n\t\t\t\t\t\t\t\t\t<\/li>\n\t\t\t\t\t<\/ul>\n\n\t\t\t\t<\/div>\n\t\t\t\t<\/div>\n\t\t\t\t\t\t<\/div>\n\t\t\t\t\t<\/div>\n\t\t<\/div>\n\t\t\t\t\t\t\t\t<\/div>\n\t\t\t\t\t<\/div>\n\t\t<\/section>\n\t\t\t\t\t\t<\/div>\n\t\t\t\t\t\t<\/div>\n\t\t\t\t\t<\/div>\n\t\t","protected":false},"excerpt":{"rendered":"<p>Noticias \u00bfQui\u00e9n ser\u00e1 el gobernador riosense? 18\/05\/2021 Ante las expectativas de qui\u00e9n ser\u00e1 el nuevo gobernador de la provincia de Los R\u00edos, en el Noticiero Matinal, G\u00e9nesis Blum asegura que hay que esperar con prudencia el pronunciamiento oficial del presidente. Si \u00e9l decide que ella sea su representante va a trabajar para que la provincia &hellip;<\/p>\n<p class=\"read-more\"> <a class=\"\" href=\"https:\/\/rvtradio.com\/?p=1929\"> <span class=\"screen-reader-text\">\u00bfQui\u00e9n ser\u00e1 el gobernador riosense?<\/span> Leer m\u00e1s &raquo;<\/a><\/p>\n","protected":false},"author":4,"featured_media":0,"comment_status":"closed","ping_status":"closed","sticky":false,"template":"elementor_header_footer","format":"standard","meta":{"_monsterinsights_skip_tracking":false,"_monsterinsights_sitenote_active":false,"_monsterinsights_sitenote_note":"","_monsterinsights_sitenote_category":0,"footnotes":""},"categories":[1],"tags":[],"_links":{"self":[{"href":"https:\/\/rvtradio.com\/index.php?rest_route=\/wp\/v2\/posts\/1929"}],"collection":[{"href":"https:\/\/rvtradio.com\/index.php?rest_route=\/wp\/v2\/posts"}],"about":[{"href":"https:\/\/rvtradio.com\/index.php?rest_route=\/wp\/v2\/types\/post"}],"author":[{"embeddable":true,"href":"https:\/\/rvtradio.com\/index.php?rest_route=\/wp\/v2\/users\/4"}],"replies":[{"embeddable":true,"href":"https:\/\/rvtradio.com\/index.php?rest_route=%2Fwp%2Fv2%2Fcomments&post=1929"}],"version-history":[{"count":0,"href":"https:\/\/rvtradio.com\/index.php?rest_route=\/wp\/v2\/posts\/1929\/revisions"}],"wp:attachment":[{"href":"https:\/\/rvtradio.com\/index.php?rest_route=%2Fwp%2Fv2%2Fmedia&parent=1929"}],"wp:term":[{"taxonomy":"category","embeddable":true,"href":"https:\/\/rvtradio.com\/index.php?rest_route=%2Fwp%2Fv2%2Fcategories&post=1929"},{"taxonomy":"post_tag","embeddable":true,"href":"https:\/\/rvtradio.com\/index.php?rest_route=%2Fwp%2Fv2%2Ftags&post=1929"}],"curies":[{"name":"wp","href":"https:\/\/api.w.org\/{rel}","templated":true}]}}